{"id":360,"date":"2011-04-18T16:05:29","date_gmt":"2011-04-18T14:05:29","guid":{"rendered":"http:\/\/www.foretdarcanin.com\/wordpress\/?p=360"},"modified":"2014-04-09T22:41:52","modified_gmt":"2014-04-09T20:41:52","slug":"chiots-a-reserver","status":"publish","type":"post","link":"http:\/\/www.foretdarcanin.com\/wordpress\/?p=360","title":{"rendered":"CHIOTS A RESERVER"},"content":{"rendered":"<p>Port\u00e9e 2011 : Alth\u00e9a et djinn : 2 m\u00e2les et 5 femelles<\/p>\n<a href=\"http:\/\/www.foretdarcanin.com\/wordpress\/wp-content\/uploads\/2011\/04\/DSCN4256.jpg\"><img decoding=\"async\" loading=\"lazy\" class=\"alignleft size-medium wp-image-457\" title=\"chiot femelle 1 mois\" alt=\"\" src=\"http:\/\/www.foretdarcanin.com\/wordpress\/wp-content\/uploads\/2011\/04\/DSCN4256-300x225.jpg\" width=\"300\" height=\"225\" srcset=\"http:\/\/www.foretdarcanin.com\/wordpress\/wp-content\/uploads\/2011\/04\/DSCN4256-300x225.jpg 300w, http:\/\/www.foretdarcanin.com\/wordpress\/wp-content\/uploads\/2011\/04\/DSCN4256-1024x768.jpg 1024w\" sizes=\"(max-width: 300px) 100vw, 300px\" \/><\/a>\n<p>Les m\u00e2les sont r\u00e9serv\u00e9s. \u00a0Il reste des femelles de disponible.<\/p>\n<p>RESERVATION possible.<\/p>\n<p>Chiots n\u00e9s le 8 avril 2011<\/p>\n<p>Disponible \u00e0 partir du 04 \u00a0juin 2011.<\/p>\n<p>Tous nos chiots sont inscrit au lof, ils sont primo- vaccin\u00e9s, vermifug\u00e9s 3 fois et puc\u00e9s avant leur d\u00e9part. Ils sont disponibles \u00e0 partir de l&rsquo;\u00e2ge de 8 semaines.<\/p>\n<p>Les chiots sont socialis\u00e9s dans notre maison. Ils ont un parc d&rsquo;activit\u00e9s \u00e0 l&rsquo;ext\u00e9rieur.<\/p>\n<p>Les parents sont radiographi\u00e9s dysplasie, test\u00e9s MDR1 et ADN.<\/p>\n<p>&nbsp;<\/p>\n<p><a title=\"Photos\" href=\"http:\/\/www.foretdarcanin.com\/wordpress\/?page_id=31\">Nouvelles photos des chiots \u00e0 5 semaines <\/a><br \/>\n<!--more--><\/p>\n","protected":false},"excerpt":{"rendered":"<p>Port\u00e9e 2011 : Alth\u00e9a et djinn : 2 m\u00e2les et 5 femelles Les m\u00e2les sont r\u00e9serv\u00e9s. \u00a0Il reste des femelles de disponible. RESERVATION possible. Chiots n\u00e9s le 8 avril 2011 Disponible \u00e0 partir du 04 \u00a0juin 2011. Tous nos chiots sont inscrit au lof, ils sont primo- vaccin\u00e9s, vermifug\u00e9s 3 fois et puc\u00e9s avant leur d\u00e9part. Ils sont disponibles \u00e0 partir de l&rsquo;\u00e2ge de 8 semaines. Les chiots sont socialis\u00e9s dans notre maison. Ils ont un parc d&rsquo;activit\u00e9s \u00e0 l&rsquo;ext\u00e9rieur. Les parents sont radiographi\u00e9s dysplasie, test\u00e9s MDR1 et ADN. &nbsp; Nouvelles photos des chiots \u00e0 5 semaines<\/p>\n","protected":false},"author":1,"featured_media":738,"comment_status":"closed","ping_status":"closed","sticky":false,"template":"","format":"standard","meta":[],"categories":[1],"tags":[],"_links":{"self":[{"href":"http:\/\/www.foretdarcanin.com\/wordpress\/index.php?rest_route=\/wp\/v2\/posts\/360"}],"collection":[{"href":"http:\/\/www.foretdarcanin.com\/wordpress\/index.php?rest_route=\/wp\/v2\/posts"}],"about":[{"href":"http:\/\/www.foretdarcanin.com\/wordpress\/index.php?rest_route=\/wp\/v2\/types\/post"}],"author":[{"embeddable":true,"href":"http:\/\/www.foretdarcanin.com\/wordpress\/index.php?rest_route=\/wp\/v2\/users\/1"}],"replies":[{"embeddable":true,"href":"http:\/\/www.foretdarcanin.com\/wordpress\/index.php?rest_route=%2Fwp%2Fv2%2Fcomments&post=360"}],"version-history":[{"count":22,"href":"http:\/\/www.foretdarcanin.com\/wordpress\/index.php?rest_route=\/wp\/v2\/posts\/360\/revisions"}],"predecessor-version":[{"id":1222,"href":"http:\/\/www.foretdarcanin.com\/wordpress\/index.php?rest_route=\/wp\/v2\/posts\/360\/revisions\/1222"}],"wp:featuredmedia":[{"embeddable":true,"href":"http:\/\/www.foretdarcanin.com\/wordpress\/index.php?rest_route=\/wp\/v2\/media\/738"}],"wp:attachment":[{"href":"http:\/\/www.foretdarcanin.com\/wordpress\/index.php?rest_route=%2Fwp%2Fv2%2Fmedia&parent=360"}],"wp:term":[{"taxonomy":"category","embeddable":true,"href":"http:\/\/www.foretdarcanin.com\/wordpress\/index.php?rest_route=%2Fwp%2Fv2%2Fcategories&post=360"},{"taxonomy":"post_tag","embeddable":true,"href":"http:\/\/www.foretdarcanin.com\/wordpress\/index.php?rest_route=%2Fwp%2Fv2%2Ftags&post=360"}],"curies":[{"name":"wp","href":"https:\/\/api.w.org\/{rel}","templated":true}]}}