{"id":1870,"date":"2023-08-24T16:55:27","date_gmt":"2023-08-24T14:55:27","guid":{"rendered":"http:\/\/www.foretdarcanin.com\/wordpress\/?p=1870"},"modified":"2023-11-23T18:53:00","modified_gmt":"2023-11-23T16:53:00","slug":"naissance-prevue-pour-aout-2023","status":"publish","type":"post","link":"http:\/\/www.foretdarcanin.com\/wordpress\/?p=1870","title":{"rendered":"Derni\u00e8re naissance de l&rsquo;ann\u00e9e 2023"},"content":{"rendered":"\n<h2 class=\"wp-block-heading\">Pour sa derni\u00e8re port\u00e9e avant la retraite,  Ollie \u00e0 \u00e9t\u00e9 saillie le 20 juin par Omalley. Les chiots sont n\u00e9s le 23 ao\u00fbt et&nbsp; seront disponibles \u00e0 8 semaines  le 19 octobre  2023. <\/h2>\n\n\n\n<h2 class=\"wp-block-heading\">Tous les chiots sont r\u00e9serv\u00e9s.<\/h2>\n\n\n\n<p><\/p>\n\n\n\n<p><em>Elevage familial depuis plus de 15 ans de berger blanc suisse, les chiots sont \u00e9lev\u00e9s dans notre maison et notre jardin. Ils sont socialis\u00e9s, manipul\u00e9s d\u00e8s le plus jeune \u00e2ge, habitu\u00e9 \u00e0 la vie de famille, \u00e0 la voiture.<\/em><\/p>\n\n\n\n<p><em>Les b\u00e9b\u00e9s sont correctement vermifug\u00e9s, inscrit au lof, primo-vaccin\u00e9s et identifi\u00e9 par une puce \u00e9lectronique.<\/em><\/p>\n\n\n\n<p><em>Plusieurs visites v\u00e9t\u00e9rinaires sont pr\u00e9vues avant le d\u00e9part des chiots afin de v\u00e9rifier leur bonne sant\u00e9. Une attestation est fournie &nbsp;au nouveau propri\u00e9taire avec un livret conseil individuel.<\/em><\/p>\n\n\n\n<p><strong>Si vous \u00eates int\u00e9ress\u00e9 par un chiot de cette port\u00e9e vous pouvez me joindre au 06.15.73.01.21 ou par mail foretdarcanin@free.fr pour connaitre les conditions de r\u00e9servation.<\/strong><\/p>\n\n\n\n<p>Pour voir l&rsquo;\u00e9volution des b\u00e9b\u00e9s, suivre ce lien :<a href=\"https:\/\/photos.app.goo.gl\/zZQEs99JLsHJsfyW8\" data-type=\"URL\" data-id=\"https:\/\/photos.app.goo.gl\/zZQEs99JLsHJsfyW8\">https:\/\/photos.app.goo.gl\/zZQEs99JLsHJsfyW8<\/a><\/p>\n\n\n\n<p><\/p>\n\n\n\n<figure class=\"wp-block-image size-large\"><a href=\"http:\/\/www.foretdarcanin.com\/wordpress\/wp-content\/uploads\/2023\/07\/292316157_10221362161700400_8550209745985004435_n-scaled.jpg\"><img decoding=\"async\" loading=\"lazy\" width=\"1024\" height=\"306\" src=\"http:\/\/www.foretdarcanin.com\/wordpress\/wp-content\/uploads\/2023\/07\/292316157_10221362161700400_8550209745985004435_n-1024x306.jpg\" alt=\"\" class=\"wp-image-1874\" srcset=\"http:\/\/www.foretdarcanin.com\/wordpress\/wp-content\/uploads\/2023\/07\/292316157_10221362161700400_8550209745985004435_n-1024x306.jpg 1024w, http:\/\/www.foretdarcanin.com\/wordpress\/wp-content\/uploads\/2023\/07\/292316157_10221362161700400_8550209745985004435_n-300x90.jpg 300w, http:\/\/www.foretdarcanin.com\/wordpress\/wp-content\/uploads\/2023\/07\/292316157_10221362161700400_8550209745985004435_n-768x229.jpg 768w, http:\/\/www.foretdarcanin.com\/wordpress\/wp-content\/uploads\/2023\/07\/292316157_10221362161700400_8550209745985004435_n-1536x459.jpg 1536w, http:\/\/www.foretdarcanin.com\/wordpress\/wp-content\/uploads\/2023\/07\/292316157_10221362161700400_8550209745985004435_n-2048x612.jpg 2048w, http:\/\/www.foretdarcanin.com\/wordpress\/wp-content\/uploads\/2023\/07\/292316157_10221362161700400_8550209745985004435_n-400x119.jpg 400w, http:\/\/www.foretdarcanin.com\/wordpress\/wp-content\/uploads\/2023\/07\/292316157_10221362161700400_8550209745985004435_n-840x251.jpg 840w\" sizes=\"(max-width: 1024px) 100vw, 1024px\" \/><\/a><\/figure>\n","protected":false},"excerpt":{"rendered":"<p>Pour sa derni\u00e8re port\u00e9e avant la retraite, Ollie \u00e0 \u00e9t\u00e9 saillie le 20 juin par Omalley. Les chiots sont n\u00e9s le 23 ao\u00fbt et&nbsp; seront disponibles \u00e0 8 semaines le 19 octobre 2023. Tous les chiots sont r\u00e9serv\u00e9s. Elevage familial depuis plus de 15 ans de berger blanc suisse, les chiots sont \u00e9lev\u00e9s dans notre maison et notre jardin. Ils sont socialis\u00e9s, manipul\u00e9s d\u00e8s le plus jeune \u00e2ge, habitu\u00e9 \u00e0 la vie de famille, \u00e0 la voiture. Les b\u00e9b\u00e9s sont correctement vermifug\u00e9s, inscrit au lof, primo-vaccin\u00e9s et identifi\u00e9 par une puce \u00e9lectronique. Plusieurs visites v\u00e9t\u00e9rinaires sont pr\u00e9vues avant le d\u00e9part des chiots afin de v\u00e9rifier leur bonne sant\u00e9. Une attestation est fournie &nbsp;au nouveau propri\u00e9taire avec un livret conseil individuel. Si vous \u00eates int\u00e9ress\u00e9 par un chiot de cette port\u00e9e vous pouvez me joindre au 06.15.73.01.21 ou par mail foretdarcanin@free.fr pour connaitre les conditions de r\u00e9servation. Pour voir l&rsquo;\u00e9volution des..<\/p>\n","protected":false},"author":1,"featured_media":1897,"comment_status":"closed","ping_status":"closed","sticky":false,"template":"","format":"standard","meta":[],"categories":[1],"tags":[],"_links":{"self":[{"href":"http:\/\/www.foretdarcanin.com\/wordpress\/index.php?rest_route=\/wp\/v2\/posts\/1870"}],"collection":[{"href":"http:\/\/www.foretdarcanin.com\/wordpress\/index.php?rest_route=\/wp\/v2\/posts"}],"about":[{"href":"http:\/\/www.foretdarcanin.com\/wordpress\/index.php?rest_route=\/wp\/v2\/types\/post"}],"author":[{"embeddable":true,"href":"http:\/\/www.foretdarcanin.com\/wordpress\/index.php?rest_route=\/wp\/v2\/users\/1"}],"replies":[{"embeddable":true,"href":"http:\/\/www.foretdarcanin.com\/wordpress\/index.php?rest_route=%2Fwp%2Fv2%2Fcomments&post=1870"}],"version-history":[{"count":14,"href":"http:\/\/www.foretdarcanin.com\/wordpress\/index.php?rest_route=\/wp\/v2\/posts\/1870\/revisions"}],"predecessor-version":[{"id":1906,"href":"http:\/\/www.foretdarcanin.com\/wordpress\/index.php?rest_route=\/wp\/v2\/posts\/1870\/revisions\/1906"}],"wp:featuredmedia":[{"embeddable":true,"href":"http:\/\/www.foretdarcanin.com\/wordpress\/index.php?rest_route=\/wp\/v2\/media\/1897"}],"wp:attachment":[{"href":"http:\/\/www.foretdarcanin.com\/wordpress\/index.php?rest_route=%2Fwp%2Fv2%2Fmedia&parent=1870"}],"wp:term":[{"taxonomy":"category","embeddable":true,"href":"http:\/\/www.foretdarcanin.com\/wordpress\/index.php?rest_route=%2Fwp%2Fv2%2Fcategories&post=1870"},{"taxonomy":"post_tag","embeddable":true,"href":"http:\/\/www.foretdarcanin.com\/wordpress\/index.php?rest_route=%2Fwp%2Fv2%2Ftags&post=1870"}],"curies":[{"name":"wp","href":"https:\/\/api.w.org\/{rel}","templated":true}]}}