{"id":1733,"date":"2021-07-06T19:35:08","date_gmt":"2021-07-06T17:35:08","guid":{"rendered":"http:\/\/www.foretdarcanin.com\/wordpress\/?p=1733"},"modified":"2021-09-16T17:38:49","modified_gmt":"2021-09-16T15:38:49","slug":"newt-et-pegase-naissance-prevue-pour-juillet-2021","status":"publish","type":"post","link":"http:\/\/www.foretdarcanin.com\/wordpress\/?p=1733","title":{"rendered":"NEWT et PEGASE : naissance juillet 2021"},"content":{"rendered":"<h2>Nouvelle port\u00e9e :<\/h2>\n<h2>\u00a0Newt \u00e0 \u00e9t\u00e9 saillie en mai 2021 par P\u00e9gase. Les chiots sont n\u00e9s le 12 juillet et\u00a0 seront disponibles \u00e0 partir du\u00a0 7\u00a0 septembre 2021.<\/h2>\n<p>&nbsp;<\/p>\n<p>Ils seront inscrits au lof, primo-vaccin\u00e9 et puc\u00e9s.<\/p>\n<p>&nbsp;<\/p>\n<address><strong><span style=\"color: #3366ff;\">Tout les chiots sont partis dans leur nouvelle famille.<\/span><\/strong><\/address>\n<address><strong><span style=\"color: #3366ff;\">Vous pouvez me contacter au 06.15.73.01.21 ou par mail foretdarcanin@free.fr pour des renseignements sur les prochaines port\u00e9es.<\/span><\/strong><\/address>\n<a href=\"http:\/\/www.foretdarcanin.com\/wordpress\/wp-content\/uploads\/2021\/07\/img_2756.jpg\"><img decoding=\"async\" loading=\"lazy\" class=\"aligncenter size-medium wp-image-1734\" alt=\"pegase\" src=\"http:\/\/www.foretdarcanin.com\/wordpress\/wp-content\/uploads\/2021\/07\/img_2756-300x200.jpg\" width=\"300\" height=\"200\" srcset=\"http:\/\/www.foretdarcanin.com\/wordpress\/wp-content\/uploads\/2021\/07\/img_2756-300x200.jpg 300w, http:\/\/www.foretdarcanin.com\/wordpress\/wp-content\/uploads\/2021\/07\/img_2756-400x266.jpg 400w, http:\/\/www.foretdarcanin.com\/wordpress\/wp-content\/uploads\/2021\/07\/img_2756.jpg 720w\" sizes=\"(max-width: 300px) 100vw, 300px\" \/><\/a> photo des chiots cliquer <a href=\"https:\/\/photos.app.goo.gl\/rRzAaNMfHqAfGRk27\">ici<\/a><img decoding=\"async\" loading=\"lazy\" class=\"aligncenter size-medium wp-image-1735\" alt=\"newt\" src=\"http:\/\/www.foretdarcanin.com\/wordpress\/wp-content\/uploads\/2021\/07\/img_2746-300x200.jpg\" width=\"300\" height=\"200\" srcset=\"http:\/\/www.foretdarcanin.com\/wordpress\/wp-content\/uploads\/2021\/07\/img_2746-300x200.jpg 300w, http:\/\/www.foretdarcanin.com\/wordpress\/wp-content\/uploads\/2021\/07\/img_2746-400x266.jpg 400w, http:\/\/www.foretdarcanin.com\/wordpress\/wp-content\/uploads\/2021\/07\/img_2746.jpg 720w\" sizes=\"(max-width: 300px) 100vw, 300px\" \/>\n","protected":false},"excerpt":{"rendered":"<p>Nouvelle port\u00e9e : \u00a0Newt \u00e0 \u00e9t\u00e9 saillie en mai 2021 par P\u00e9gase. Les chiots sont n\u00e9s le 12 juillet et\u00a0 seront disponibles \u00e0 partir du\u00a0 7\u00a0 septembre 2021. &nbsp; Ils seront inscrits au lof, primo-vaccin\u00e9 et puc\u00e9s. &nbsp; Tout les chiots sont partis dans leur nouvelle famille. Vous pouvez me contacter au 06.15.73.01.21 ou par mail foretdarcanin@free.fr pour des renseignements sur les prochaines port\u00e9es. photo des chiots cliquer ici<\/p>\n","protected":false},"author":1,"featured_media":1736,"comment_status":"closed","ping_status":"closed","sticky":false,"template":"","format":"standard","meta":[],"categories":[1],"tags":[],"_links":{"self":[{"href":"http:\/\/www.foretdarcanin.com\/wordpress\/index.php?rest_route=\/wp\/v2\/posts\/1733"}],"collection":[{"href":"http:\/\/www.foretdarcanin.com\/wordpress\/index.php?rest_route=\/wp\/v2\/posts"}],"about":[{"href":"http:\/\/www.foretdarcanin.com\/wordpress\/index.php?rest_route=\/wp\/v2\/types\/post"}],"author":[{"embeddable":true,"href":"http:\/\/www.foretdarcanin.com\/wordpress\/index.php?rest_route=\/wp\/v2\/users\/1"}],"replies":[{"embeddable":true,"href":"http:\/\/www.foretdarcanin.com\/wordpress\/index.php?rest_route=%2Fwp%2Fv2%2Fcomments&post=1733"}],"version-history":[{"count":5,"href":"http:\/\/www.foretdarcanin.com\/wordpress\/index.php?rest_route=\/wp\/v2\/posts\/1733\/revisions"}],"predecessor-version":[{"id":1749,"href":"http:\/\/www.foretdarcanin.com\/wordpress\/index.php?rest_route=\/wp\/v2\/posts\/1733\/revisions\/1749"}],"wp:featuredmedia":[{"embeddable":true,"href":"http:\/\/www.foretdarcanin.com\/wordpress\/index.php?rest_route=\/wp\/v2\/media\/1736"}],"wp:attachment":[{"href":"http:\/\/www.foretdarcanin.com\/wordpress\/index.php?rest_route=%2Fwp%2Fv2%2Fmedia&parent=1733"}],"wp:term":[{"taxonomy":"category","embeddable":true,"href":"http:\/\/www.foretdarcanin.com\/wordpress\/index.php?rest_route=%2Fwp%2Fv2%2Fcategories&post=1733"},{"taxonomy":"post_tag","embeddable":true,"href":"http:\/\/www.foretdarcanin.com\/wordpress\/index.php?rest_route=%2Fwp%2Fv2%2Ftags&post=1733"}],"curies":[{"name":"wp","href":"https:\/\/api.w.org\/{rel}","templated":true}]}}