{"id":1359,"date":"2016-02-27T11:25:40","date_gmt":"2016-02-27T09:25:40","guid":{"rendered":"http:\/\/www.foretdarcanin.com\/wordpress\/?p=1359"},"modified":"2016-03-10T20:25:53","modified_gmt":"2016-03-10T18:25:53","slug":"une-nouvelle-naissance-a-lelevage-en-janvier","status":"publish","type":"post","link":"http:\/\/www.foretdarcanin.com\/wordpress\/?p=1359","title":{"rendered":"Les chiots de Fashion ont 8 semaines"},"content":{"rendered":"<p>Fashion Girl de l&rsquo;Ange gardien de Faujus (250269604202880)\u00a0et Djinn of Trebons berger blanc (250269200169527)\u00a0sont parents. Les chiots sont n\u00e9s le 14\/01\/2016. ils sont inscrits au lof (num\u00e9ro de d\u00e9claration de port\u00e9e SCC : 2015050378-2016-1) \u00a0 Tous les chiots sont r\u00e9serv\u00e9s.<\/p>\n<h2 style=\"text-align: center;\"><span style=\"color: #0000ff;\"><strong>\u00a0<\/strong><\/span><a style=\"font-size: 14px; line-height: 1.5em;\" href=\"http:\/\/www.foretdarcanin.com\/wordpress\/?p=1359\"><br \/>\n<\/a><\/h2>\n<p style=\"text-align: center;\"><strong>foretdarcanin@free.fr \u00a0 \u00a006 15 73 01 21<\/strong><\/p>\n<p style=\"text-align: center;\"><a href=\"http:\/\/www.foretdarcanin.com\/wordpress\/wp-content\/uploads\/2016\/02\/img_2284-002.jpg\"><img decoding=\"async\" loading=\"lazy\" class=\"aligncenter size-medium wp-image-1409\" alt=\"IMG_2284-002\" src=\"http:\/\/www.foretdarcanin.com\/wordpress\/wp-content\/uploads\/2016\/02\/img_2284-002-300x152.jpg\" width=\"300\" height=\"152\" srcset=\"http:\/\/www.foretdarcanin.com\/wordpress\/wp-content\/uploads\/2016\/02\/img_2284-002-300x152.jpg 300w, http:\/\/www.foretdarcanin.com\/wordpress\/wp-content\/uploads\/2016\/02\/img_2284-002-1024x522.jpg 1024w, http:\/\/www.foretdarcanin.com\/wordpress\/wp-content\/uploads\/2016\/02\/img_2284-002-2048x1044.jpg 2048w, http:\/\/www.foretdarcanin.com\/wordpress\/wp-content\/uploads\/2016\/02\/img_2284-002-400x203.jpg 400w, http:\/\/www.foretdarcanin.com\/wordpress\/wp-content\/uploads\/2016\/02\/img_2284-002-840x428.jpg 840w\" sizes=\"(max-width: 300px) 100vw, 300px\" \/><\/a><\/p>\n<p style=\"text-align: center;\"><em>PHOTOS DES CHIOTS<\/em> cliquer<a title=\"Photos\" href=\"http:\/\/www.foretdarcanin.com\/wordpress\/?page_id=31\"> ici<\/a><\/p>\n","protected":false},"excerpt":{"rendered":"<p>Fashion Girl de l&rsquo;Ange gardien de Faujus (250269604202880)\u00a0et Djinn of Trebons berger blanc (250269200169527)\u00a0sont parents. Les chiots sont n\u00e9s le 14\/01\/2016. ils sont inscrits au lof (num\u00e9ro de d\u00e9claration de port\u00e9e SCC : 2015050378-2016-1) \u00a0 Tous les chiots sont r\u00e9serv\u00e9s. \u00a0 foretdarcanin@free.fr \u00a0 \u00a006 15 73 01 21 PHOTOS DES CHIOTS cliquer ici<\/p>\n","protected":false},"author":1,"featured_media":1410,"comment_status":"closed","ping_status":"closed","sticky":false,"template":"","format":"standard","meta":[],"categories":[1],"tags":[],"_links":{"self":[{"href":"http:\/\/www.foretdarcanin.com\/wordpress\/index.php?rest_route=\/wp\/v2\/posts\/1359"}],"collection":[{"href":"http:\/\/www.foretdarcanin.com\/wordpress\/index.php?rest_route=\/wp\/v2\/posts"}],"about":[{"href":"http:\/\/www.foretdarcanin.com\/wordpress\/index.php?rest_route=\/wp\/v2\/types\/post"}],"author":[{"embeddable":true,"href":"http:\/\/www.foretdarcanin.com\/wordpress\/index.php?rest_route=\/wp\/v2\/users\/1"}],"replies":[{"embeddable":true,"href":"http:\/\/www.foretdarcanin.com\/wordpress\/index.php?rest_route=%2Fwp%2Fv2%2Fcomments&post=1359"}],"version-history":[{"count":20,"href":"http:\/\/www.foretdarcanin.com\/wordpress\/index.php?rest_route=\/wp\/v2\/posts\/1359\/revisions"}],"predecessor-version":[{"id":1414,"href":"http:\/\/www.foretdarcanin.com\/wordpress\/index.php?rest_route=\/wp\/v2\/posts\/1359\/revisions\/1414"}],"wp:featuredmedia":[{"embeddable":true,"href":"http:\/\/www.foretdarcanin.com\/wordpress\/index.php?rest_route=\/wp\/v2\/media\/1410"}],"wp:attachment":[{"href":"http:\/\/www.foretdarcanin.com\/wordpress\/index.php?rest_route=%2Fwp%2Fv2%2Fmedia&parent=1359"}],"wp:term":[{"taxonomy":"category","embeddable":true,"href":"http:\/\/www.foretdarcanin.com\/wordpress\/index.php?rest_route=%2Fwp%2Fv2%2Fcategories&post=1359"},{"taxonomy":"post_tag","embeddable":true,"href":"http:\/\/www.foretdarcanin.com\/wordpress\/index.php?rest_route=%2Fwp%2Fv2%2Ftags&post=1359"}],"curies":[{"name":"wp","href":"https:\/\/api.w.org\/{rel}","templated":true}]}}